{"id":1581,"date":"2018-04-04T19:21:20","date_gmt":"2018-04-04T19:21:20","guid":{"rendered":"http:\/\/www.andreseloysotomontenegro.com\/?p=1581"},"modified":"2018-04-04T19:25:44","modified_gmt":"2018-04-04T19:25:44","slug":"rinoplastia","status":"publish","type":"post","link":"https:\/\/www.andreseloysotomontenegro.com\/?p=1581","title":{"rendered":"Rinoplastia"},"content":{"rendered":"<h2>La Rinoplastia o Cirug\u00eda Est\u00e9tica de la Nariz, es uno de los procedimientos m\u00e1s complejos de nuestro campo, debido entre otras cosas, a la propia complejidad de esta estructura y a sus m\u00faltiples funciones.<\/h2>\n<p>La Nariz posee una estructura tridimensional, constituida por diversos tejidos implicados en su forma, aspecto y funci\u00f3n, dichos tejidos son: La piel, tejido muscular, cart\u00edlago, hueso, tejido nervioso y tejido graso.<\/p>\n<p>La Nariz, participa en m\u00faltiples funciones, entre otras la respiraci\u00f3n, olfato y gusto, constituyendo adem\u00e1s la porci\u00f3n central y m\u00e1s destacada de la cara, tanto en la vista de frente como en el perfil.<\/p>\n<p>Aunque podemos lograr importantes modificaciones en la forma, dimensiones y aspecto nasales, el manejo quir\u00fargico de esta estructura debe ser siempre conservador. Es decir se pueden buscar cambios realmente notables, pero nunca debemos pretender cambios radicales, como por ejemplo, el del aspecto racial predominante, pues lejos de mejorar las cosas podemos crear serios problemas est\u00e9ticos y adem\u00e1s funcionales.<\/p>\n<p>&nbsp;<\/p>\n<p><iframe loading=\"lazy\" title=\"Andr\u00e9s Eloy Soto Montenegro - Rinoplastia\" width=\"640\" height=\"480\" src=\"https:\/\/www.youtube.com\/embed\/1BW1vdyNiJk?feature=oembed\" frameborder=\"0\" allow=\"accelerometer; autoplay; clipboard-write; encrypted-media; gyroscope; picture-in-picture; web-share\" referrerpolicy=\"strict-origin-when-cross-origin\" allowfullscreen><\/iframe><\/p>\n","protected":false},"excerpt":{"rendered":"<p>La Rinoplastia o Cirug\u00eda Est\u00e9tica de la Nariz, es uno de los procedimientos m\u00e1s complejos de nuestro campo, debido entre otras cosas, a la propia complejidad de esta estructura y a sus m\u00faltiples funciones. La Nariz posee una estructura tridimensional, constituida por diversos tejidos implicados en su forma, aspecto y funci\u00f3n, dichos tejidos son: La [&hellip;]<\/p>\n","protected":false},"author":1,"featured_media":1584,"comment_status":"open","ping_status":"open","sticky":false,"template":"","format":"standard","meta":{"footnotes":""},"categories":[1],"tags":[],"class_list":["post-1581","post","type-post","status-publish","format-standard","has-post-thumbnail","hentry","category-uncategorized"],"_links":{"self":[{"href":"https:\/\/www.andreseloysotomontenegro.com\/index.php?rest_route=\/wp\/v2\/posts\/1581","targetHints":{"allow":["GET"]}}],"collection":[{"href":"https:\/\/www.andreseloysotomontenegro.com\/index.php?rest_route=\/wp\/v2\/posts"}],"about":[{"href":"https:\/\/www.andreseloysotomontenegro.com\/index.php?rest_route=\/wp\/v2\/types\/post"}],"author":[{"embeddable":true,"href":"https:\/\/www.andreseloysotomontenegro.com\/index.php?rest_route=\/wp\/v2\/users\/1"}],"replies":[{"embeddable":true,"href":"https:\/\/www.andreseloysotomontenegro.com\/index.php?rest_route=%2Fwp%2Fv2%2Fcomments&post=1581"}],"version-history":[{"count":2,"href":"https:\/\/www.andreseloysotomontenegro.com\/index.php?rest_route=\/wp\/v2\/posts\/1581\/revisions"}],"predecessor-version":[{"id":1585,"href":"https:\/\/www.andreseloysotomontenegro.com\/index.php?rest_route=\/wp\/v2\/posts\/1581\/revisions\/1585"}],"wp:featuredmedia":[{"embeddable":true,"href":"https:\/\/www.andreseloysotomontenegro.com\/index.php?rest_route=\/wp\/v2\/media\/1584"}],"wp:attachment":[{"href":"https:\/\/www.andreseloysotomontenegro.com\/index.php?rest_route=%2Fwp%2Fv2%2Fmedia&parent=1581"}],"wp:term":[{"taxonomy":"category","embeddable":true,"href":"https:\/\/www.andreseloysotomontenegro.com\/index.php?rest_route=%2Fwp%2Fv2%2Fcategories&post=1581"},{"taxonomy":"post_tag","embeddable":true,"href":"https:\/\/www.andreseloysotomontenegro.com\/index.php?rest_route=%2Fwp%2Fv2%2Ftags&post=1581"}],"curies":[{"name":"wp","href":"https:\/\/api.w.org\/{rel}","templated":true}]}}